{"id":1724,"date":"2025-10-22T15:22:16","date_gmt":"2025-10-22T15:22:16","guid":{"rendered":"https:\/\/cspfiaes.pt\/?p=1724"},"modified":"2025-10-22T15:23:39","modified_gmt":"2025-10-22T15:23:39","slug":"viver-melhor-em-casa","status":"publish","type":"post","link":"https:\/\/cspfiaes.pt\/?p=1724","title":{"rendered":"Viver Melhor em Casa"},"content":{"rendered":"\n<p>Porque a nossa sa\u00fade tamb\u00e9m come\u00e7a dentro de casa! <\/p>\n\n\n\n<p>A Unidade de Cuidados na Comunidade Terras de Bandarra, em parceria com o Centro Social Paroquial de Fi\u00e3es, convida todos a participar na A\u00e7\u00e3o de Sensibiliza\u00e7\u00e3o \u201cViver Melhor em Casa\u201d.<\/p>\n\n\n\n<p>\u00a0<strong>26 de outubro de 2025<\/strong><\/p>\n\n\n\n<p><strong>15 horas<\/strong><\/p>\n\n\n\n<p><strong>\u00a0Centro de Dia de Fi\u00e3es<\/strong><\/p>\n\n\n\n<p>Vamos conversar sobre:<\/p>\n\n\n\n<p>&nbsp;Uso seguro de medicamentos<\/p>\n\n\n\n<p>\u00a0Como tornar a sa\u00fade mais segura dentro de casa<\/p>\n\n\n\n<p><\/p>\n\n\n\n<p>No final, haver\u00e1 um lanche-conv\u00edvio \u2014 um momento para partilhar experi\u00eancias e cuidar da nossa comunidade!<\/p>\n\n\n\n<p><\/p>\n\n\n\n<p>&nbsp;Entrada livre \u2014 traga a sua boa disposi\u00e7\u00e3o e venha aprender connosco!<\/p>\n\n\n\n<p><\/p>\n\n\n\n<figure class=\"wp-block-gallery columns-1 is-cropped\"><ul class=\"blocks-gallery-grid\"><li class=\"blocks-gallery-item\"><figure><img loading=\"lazy\" width=\"1024\" height=\"768\" src=\"https:\/\/cspfiaes.pt\/wp-content\/uploads\/2025\/10\/Cuidar-de-si.jpg\" alt=\"\" data-id=\"1726\" data-full-url=\"https:\/\/cspfiaes.pt\/wp-content\/uploads\/2025\/10\/Cuidar-de-si.jpg\" data-link=\"https:\/\/cspfiaes.pt\/?attachment_id=1726#main\" class=\"wp-image-1726\" srcset=\"https:\/\/cspfiaes.pt\/wp-content\/uploads\/2025\/10\/Cuidar-de-si.jpg 1024w, https:\/\/cspfiaes.pt\/wp-content\/uploads\/2025\/10\/Cuidar-de-si-300x225.jpg 300w, https:\/\/cspfiaes.pt\/wp-content\/uploads\/2025\/10\/Cuidar-de-si-768x576.jpg 768w\" sizes=\"(max-width: 1024px) 100vw, 1024px\" \/><\/figure><\/li><\/ul><\/figure>\n","protected":false},"excerpt":{"rendered":"<p>Porque a nossa sa\u00fade tamb\u00e9m come\u00e7a dentro de casa! A Unidade de Cuidados na Comunidade Terras de Bandarra, em parceria com o Centro Social Paroquial de Fi\u00e3es, convida todos a participar na A\u00e7\u00e3o de Sensibiliza\u00e7\u00e3o \u201cViver Melhor em Casa\u201d. \u00a026 de outubro de 2025 15 horas \u00a0Centro de Dia de Fi\u00e3es Vamos conversar sobre: &nbsp;Uso [&hellip;]<\/p>\n","protected":false},"author":2,"featured_media":1726,"comment_status":"closed","ping_status":"closed","sticky":false,"template":"","format":"standard","meta":[],"categories":[1],"tags":[],"_links":{"self":[{"href":"https:\/\/cspfiaes.pt\/index.php?rest_route=\/wp\/v2\/posts\/1724"}],"collection":[{"href":"https:\/\/cspfiaes.pt\/index.php?rest_route=\/wp\/v2\/posts"}],"about":[{"href":"https:\/\/cspfiaes.pt\/index.php?rest_route=\/wp\/v2\/types\/post"}],"author":[{"embeddable":true,"href":"https:\/\/cspfiaes.pt\/index.php?rest_route=\/wp\/v2\/users\/2"}],"replies":[{"embeddable":true,"href":"https:\/\/cspfiaes.pt\/index.php?rest_route=%2Fwp%2Fv2%2Fcomments&post=1724"}],"version-history":[{"count":2,"href":"https:\/\/cspfiaes.pt\/index.php?rest_route=\/wp\/v2\/posts\/1724\/revisions"}],"predecessor-version":[{"id":1728,"href":"https:\/\/cspfiaes.pt\/index.php?rest_route=\/wp\/v2\/posts\/1724\/revisions\/1728"}],"wp:featuredmedia":[{"embeddable":true,"href":"https:\/\/cspfiaes.pt\/index.php?rest_route=\/wp\/v2\/media\/1726"}],"wp:attachment":[{"href":"https:\/\/cspfiaes.pt\/index.php?rest_route=%2Fwp%2Fv2%2Fmedia&parent=1724"}],"wp:term":[{"taxonomy":"category","embeddable":true,"href":"https:\/\/cspfiaes.pt\/index.php?rest_route=%2Fwp%2Fv2%2Fcategories&post=1724"},{"taxonomy":"post_tag","embeddable":true,"href":"https:\/\/cspfiaes.pt\/index.php?rest_route=%2Fwp%2Fv2%2Ftags&post=1724"}],"curies":[{"name":"wp","href":"https:\/\/api.w.org\/{rel}","templated":true}]}}